{"id":1848,"date":"2025-11-07T14:13:03","date_gmt":"2025-11-07T14:13:03","guid":{"rendered":"https:\/\/startuppico.com\/?p=1848"},"modified":"2025-11-25T13:37:25","modified_gmt":"2025-11-25T13:37:25","slug":"azores-senior-tech-expo-2025-2","status":"publish","type":"post","link":"https:\/\/startuppico.com\/en\/azores-senior-tech-expo-2025-2\/","title":{"rendered":"Azores Senior Tech Expo 2025"},"content":{"rendered":"<div data-elementor-type=\"wp-post\" data-elementor-id=\"1848\" class=\"elementor elementor-1848\">\n\t\t\t\t\t\t\t\t\t<section class=\"elementor-section elementor-top-section elementor-element elementor-element-2db23e67 elementor-section-boxed elementor-section-height-default elementor-section-height-default\" data-id=\"2db23e67\" data-element_type=\"section\">\n\t\t\t\t\t\t<div class=\"elementor-container elementor-column-gap-default\">\n\t\t\t\t\t<div class=\"elementor-column elementor-col-100 elementor-top-column elementor-element elementor-element-43865024\" data-id=\"43865024\" data-element_type=\"column\">\n\t\t\t<div class=\"elementor-widget-wrap elementor-element-populated\">\n\t\t\t\t\t\t\t\t<div class=\"elementor-element elementor-element-11bb2fb4 elementor-widget elementor-widget-text-editor\" data-id=\"11bb2fb4\" data-element_type=\"widget\" data-widget_type=\"text-editor.default\">\n\t\t\t\t<div class=\"elementor-widget-container\">\n\t\t\t\t\t\t\t<!-- wp:paragraph -->\n<p>Foi no cora\u00e7\u00e3o do Atl\u00e2ntico, na ilha do Pico, que a inova\u00e7\u00e3o ganhou um sotaque a\u00e7oriano e um prop\u00f3sito humano. Nos dias 23 e 24 de outubro de 2025, o Audit\u00f3rio da Biblioteca Municipal da Madalena transformou-se num palco vibrante onde se cruzaram gera\u00e7\u00f5es, tecnologias e ideias. O Azores Senior Tech Expo 2025, organizado pela Startup Pico \u2013 Munic\u00edpio da Madalena no \u00e2mbito do projeto Accelerate Azores Brand (AAB), reuniu mentes criativas e cora\u00e7\u00f5es vision\u00e1rios sob um mesmo lema: usar a tecnologia para melhorar a vida e prolongar o bem-estar. A iniciativa contou com o apoio do PRR \u2013 Plano de Recupera\u00e7\u00e3o e Resili\u00eancia, um selo que sublinha o compromisso de Portugal e dos A\u00e7ores com o futuro digital e inclusivo.<\/p>\n<!-- \/wp:paragraph -->\n\n<!-- wp:paragraph -->\n<p>O evento come\u00e7ou com a energia contagiante da jornalista Maria Jo\u00e3o Rosa, da TVI, que apresentou uma cerim\u00f3nia de abertura marcada por aplausos e entusiasmo. Entre as vozes que deram o tom estiveram Rodrigo Maia da Silva, da organiza\u00e7\u00e3o do evento, Sofia Medeiros, gestora da Startup Pico, Paulo Marcos, vice-presidente da C\u00e2mara da Madalena, e M\u00f3nica Seidi, secret\u00e1ria regional da Sa\u00fade e Seguran\u00e7a Social do Governo dos A\u00e7ores. Logo de manh\u00e3, a confer\u00eancia \u201cN\u00e3o percebo nada de tecnologia\u201d, conduzida por Rodrigo Maia da Silva, abriu com humor e empatia uma reflex\u00e3o sobre como aproximar o p\u00fablico s\u00e9nior do digital. Seguiu-se Manuel Vieira Lopes, da Casas em Movimento, que mostrou o futuro da habita\u00e7\u00e3o com casas que literalmente se movem. A engenheira Ana Madureira surpreendeu o p\u00fablico ao controlar uma dessas casas \u00e0 dist\u00e2ncia, em tempo real, provando que o futuro j\u00e1 mora entre montanhas e mares a\u00e7orianos.<\/p>\n<!-- \/wp:paragraph -->\n\n<!-- wp:paragraph -->\n<p>O ambiente alternava entre o deslumbramento e a curiosidade, enquanto os visitantes exploravam os corredores do \u201cHands-On Innovation Walk\u201d, onde startups e empresas tecnol\u00f3gicas mostravam produtos reais: rob\u00f4s assistivos, solu\u00e7\u00f5es de telemedicina, sensores de quedas e plataformas de socializa\u00e7\u00e3o digital. A ilha do Pico tornava-se, por dois dias, um laborat\u00f3rio vivo de longevidade e tecnologia. A tarde trouxe nomes como Ana Jo\u00e3o Sep\u00falveda, da Age Friendly Portugal, e Ivone Martins, do 40+Lab Brasil, que falaram sobre educa\u00e7\u00e3o digital na longevidade e silver economy, o mercado global em torno do envelhecimento ativo. O debate \u201cTecnologia com Prop\u00f3sito: Seguran\u00e7a, Autonomia e Bem-Estar Mental na Longevidade\u201d trouxe \u00e0 mesa o lado mais humano da inova\u00e7\u00e3o, o equil\u00edbrio entre o cuidado e o digital, entre a m\u00e1quina e a mem\u00f3ria.<\/p>\n<!-- \/wp:paragraph -->\n\n<!-- wp:paragraph -->\n<p>O segundo dia mergulhou mais fundo no tema com Jorge Oliveira, da Sioslife, a falar de autonomia e inclus\u00e3o digital, Cl\u00e1udia Rodrigues, da Actif Portugal, a explorar o futuro do exerc\u00edcio f\u00edsico e Miguel Cani\u00e7a, da Deepclick, a revelar tecnologias de preven\u00e7\u00e3o de quedas. A m\u00e9dica Leonarda Dias, do Hospital da Horta, apresentou a app My Sa\u00fade A\u00e7ores, uma ferramenta que aproxima pacientes e profissionais de sa\u00fade, encurtando dist\u00e2ncias entre ilhas e fam\u00edlias. Outro momento marcante foi a interven\u00e7\u00e3o de Paula Jorge, coordenadora da ISSA Pico, que demonstrou como a teleassist\u00eancia pode prolongar a independ\u00eancia de quem mais precisa. O evento encerrou num tom po\u00e9tico e reflexivo com o terapeuta Francisco \u00c1vila, que prop\u00f4s um \u201cdet\u00f3x tecnol\u00f3gico ao ar livre\u201d, convidando todos a pensar o equil\u00edbrio entre mente, natureza e futuro digital.<\/p>\n<!-- \/wp:paragraph -->\n\n<!-- wp:paragraph -->\n<p>Mais do que um evento, o Azores Senior Tech Expo foi um ponto de viragem na narrativa a\u00e7oriana sobre envelhecimento e inova\u00e7\u00e3o. Empresas locais e nacionais estabeleceram parcerias, cuidadores e t\u00e9cnicos partilharam experi\u00eancias e o p\u00fablico s\u00e9nior, muitas vezes esquecido nos discursos tecnol\u00f3gicos, foi o protagonista. A Startup Pico mostrou que, mesmo numa pequena ilha, \u00e9 poss\u00edvel liderar uma conversa global sobre tecnologia, sa\u00fade e bem-estar. O evento foi tamb\u00e9m uma demonstra\u00e7\u00e3o de organiza\u00e7\u00e3o exemplar, com log\u00edstica precisa, oradores vindos de v\u00e1rias ilhas e do continente e uma comunica\u00e7\u00e3o digital pensada para envolver a comunidade local. O apoio do PRR e das entidades parceiras refor\u00e7ou a import\u00e2ncia da colabora\u00e7\u00e3o entre o setor p\u00fablico, a inova\u00e7\u00e3o privada e a sociedade civil.<\/p>\n<!-- \/wp:paragraph -->\n\n<!-- wp:paragraph -->\n<p>A Azores Senior Tech Expo 2025 consolidou o papel dos A\u00e7ores como um territ\u00f3rio de inova\u00e7\u00e3o social e tecnol\u00f3gica. O evento provou que \u00e9 poss\u00edvel unir bem-estar e progresso, valorizando a experi\u00eancia das gera\u00e7\u00f5es mais velhas e colocando a tecnologia ao servi\u00e7o das pessoas. O futuro da longevidade inteligente passa tamb\u00e9m por aqui \u2014 entre montanhas, mar e mentes que pensam \u00e0 frente do seu tempo.<\/p>\n<!-- \/wp:paragraph -->\t\t\t\t\t\t<\/div>\n\t\t\t\t<\/div>\n\t\t\t\t\t<\/div>\n\t\t<\/div>\n\t\t\t\t\t\t\t<\/div>\n\t\t<\/section>\n\t\t\t\t<section class=\"elementor-section elementor-top-section elementor-element elementor-element-cd8c895 elementor-section-boxed elementor-section-height-default elementor-section-height-default\" data-id=\"cd8c895\" data-element_type=\"section\">\n\t\t\t\t\t\t<div class=\"elementor-container elementor-column-gap-default\">\n\t\t\t\t\t<div class=\"elementor-column elementor-col-100 elementor-top-column elementor-element elementor-element-27f25ac\" data-id=\"27f25ac\" data-element_type=\"column\">\n\t\t\t<div class=\"elementor-widget-wrap elementor-element-populated\">\n\t\t\t\t\t\t\t\t<div class=\"elementor-element elementor-element-d5c5c62 elementor-widget elementor-widget-video\" data-id=\"d5c5c62\" data-element_type=\"widget\" data-settings=\"{&quot;video_type&quot;:&quot;hosted&quot;,&quot;controls&quot;:&quot;yes&quot;}\" data-widget_type=\"video.default\">\n\t\t\t\t<div class=\"elementor-widget-container\">\n\t\t\t\t\t<div class=\"e-hosted-video elementor-wrapper elementor-open-inline\">\n\t\t\t\t\t<video class=\"elementor-video\" src=\"https:\/\/startuppico.com\/wp-content\/uploads\/2025\/11\/Expo_Senior_Tech_Acores.mp4\" controls=\"\" preload=\"metadata\" controlslist=\"nodownload\"><\/video>\n\t\t\t\t<\/div>\n\t\t\t\t<\/div>\n\t\t\t\t<\/div>\n\t\t\t\t\t<\/div>\n\t\t<\/div>\n\t\t\t\t\t\t\t<\/div>\n\t\t<\/section>\n\t\t\t\t\t\t\t<\/div>","protected":false},"excerpt":{"rendered":"<p>Foi no cora\u00e7\u00e3o do Atl\u00e2ntico, na ilha do Pico, que a inova\u00e7\u00e3o ganhou um sotaque a\u00e7oriano e um prop\u00f3sito humano. Nos dias 23 e 24 de outubro de 2025, o Audit\u00f3rio da Biblioteca Municipal da Madalena transformou-se num palco vibrante onde se cruzaram gera\u00e7\u00f5es, tecnologias e ideias. O Azores Senior Tech Expo 2025, organizado pela [&hellip;]<\/p>","protected":false},"author":2,"featured_media":1845,"comment_status":"open","ping_status":"open","sticky":false,"template":"","format":"standard","meta":{"om_disable_all_campaigns":false,"inline_featured_image":false,"_uf_show_specific_survey":0,"_uf_disable_surveys":false,"footnotes":""},"categories":[1],"tags":[],"class_list":["post-1848","post","type-post","status-publish","format-standard","has-post-thumbnail","hentry","category-uncategorized"],"_links":{"self":[{"href":"https:\/\/startuppico.com\/en\/wp-json\/wp\/v2\/posts\/1848","targetHints":{"allow":["GET"]}}],"collection":[{"href":"https:\/\/startuppico.com\/en\/wp-json\/wp\/v2\/posts"}],"about":[{"href":"https:\/\/startuppico.com\/en\/wp-json\/wp\/v2\/types\/post"}],"author":[{"embeddable":true,"href":"https:\/\/startuppico.com\/en\/wp-json\/wp\/v2\/users\/2"}],"replies":[{"embeddable":true,"href":"https:\/\/startuppico.com\/en\/wp-json\/wp\/v2\/comments?post=1848"}],"version-history":[{"count":0,"href":"https:\/\/startuppico.com\/en\/wp-json\/wp\/v2\/posts\/1848\/revisions"}],"wp:featuredmedia":[{"embeddable":true,"href":"https:\/\/startuppico.com\/en\/wp-json\/wp\/v2\/media\/1845"}],"wp:attachment":[{"href":"https:\/\/startuppico.com\/en\/wp-json\/wp\/v2\/media?parent=1848"}],"wp:term":[{"taxonomy":"category","embeddable":true,"href":"https:\/\/startuppico.com\/en\/wp-json\/wp\/v2\/categories?post=1848"},{"taxonomy":"post_tag","embeddable":true,"href":"https:\/\/startuppico.com\/en\/wp-json\/wp\/v2\/tags?post=1848"}],"curies":[{"name":"wp","href":"https:\/\/api.w.org\/{rel}","templated":true}]}}